{"id":6831,"date":"2023-02-06T16:18:20","date_gmt":"2023-02-06T16:18:20","guid":{"rendered":"https:\/\/www.confida.hr\/hr\/?p=3096"},"modified":"2023-02-06T16:18:20","modified_gmt":"2023-02-06T16:18:20","slug":"godisnji-obracun-poreza-na-dohodak","status":"publish","type":"post","link":"https:\/\/www.confida.hr\/hr\/blog\/uncategorized-hr\/godisnji-obracun-poreza-na-dohodak\/","title":{"rendered":"Godi\u0161nji obra\u010dun poreza na dohodak"},"content":{"rendered":"<p>Porezna uprava RH od po\u010detka ove godine po\u010dela je sa zaprimanjem prijava obrazaca za godi\u0161nji obra\u010dun poreza na dohodak za 2022. godinu. <!--more-->U nastavku mo\u017eete saznati tko su obveznici godi\u0161njeg obra\u010duna poreza na dohodak te koji je rok za podno\u0161enje godi\u0161nje prijave.<\/p>\n<h2><strong>Tko su obveznici godi\u0161njeg obra\u010duna poreza na dohodak?<\/strong><\/h2>\n<p><strong>Godi\u0161nju poreznu prijavu <\/strong>(<a href=\"https:\/\/www.porezna-uprava.hr\/HR_obrasci\/Documents\/POREZ%20NA%20DOHODAK\/DOH.pdf\">Obrazac DOH<\/a>) <strong>obvezno <\/strong><strong>podnosi<\/strong>:<\/p>\n<ul>\n<li>porezni obveznik ako u poreznom razdoblju ostvari dohodak od samostalne djelatnosti odnosno od djelatnosti obrta, djelatnosti slobodnih zanimanja, djelatnosti poljoprivrede i \u0161umarstva, dohodak od djelatnosti proizvodnje elektri\u010dne energije\u200b\u200b i djelatnosti po osnovi kojih se dohodak utvr\u0111uje i oporezuje kao dohodak od samostalne djelatnosti na temelju poslovnih knjiga<\/li>\n<li>porezni obveznik &#8211; rezident za dohodak od nesamostalnog rada koji, prema posebnom zakonu, ostvari kao \u010dlan posade broda u me\u0111unarodnoj plovidbi neovisno o broju dana provedenih na brodu u me\u0111unarodnoj plovidbi<\/li>\n<li>godi\u0161nju poreznu prijavu obvezno podnosi i porezni obveznik ako je Porezna uprava zatra\u017eila da naknadno plati porez na dohodak.<\/li>\n<\/ul>\n<p>Tako\u0111er, porezni obveznik <strong>mo\u017ee podnijeti obrazac za priznavanje prava u posebnom postupku <\/strong>(<a href=\"https:\/\/www.porezna-uprava.hr\/HR_obrasci\/Documents\/POREZ%20NA%20DOHODAK\/ZPP-DOH.pdf\">Obrazac ZPP-DOH<\/a>)<strong> kako bi iskoristili prava na umanjenje dohotka odnosno priznavanja poreznih olak\u0161ica<\/strong>. Za to su potrebni podaci kojima Porezna uprava ne raspola\u017ee, a bitni su za <strong>utvr\u0111ivanje prava na<\/strong>:<\/p>\n<ul>\n<li>dio osobnog odbitka za uzdr\u017eavane \u010dlanove u\u017ee obitelji i\/ili djecu;<\/li>\n<li>dio osobnog odbitka za utvr\u0111enu invalidnost (vlastitu i\/ili uzdr\u017eavanih \u010dlanova u\u017ee obitelji i\/ili djece);<\/li>\n<li>umanjenje poreza na dohodak od nesamostalnog rada po osnovi prebivali\u0161ta i boravka na potpomognutom podru\u010dju I. skupine i podru\u010dju Grada Vukovara, a za koje podaci nisu upisani na poreznoj kartici; te<\/li>\n<li>dio osobnog odbitka za pla\u0107ene doprinose za zdravstveno osiguranje u tuzemstvu ili dana darovanja.<\/li>\n<\/ul>\n<p><strong>Obrazac ZPP-DOH podnose i oni porezni obveznici<\/strong>:<\/p>\n<ul>\n<li>koji \u017eele preraspodijeliti dio osobnog odbitka za uzdr\u017eavane \u010dlanove u\u017ee obitelji i\/ili djecu;<\/li>\n<li>koji su platili porez na dohodak u inozemstvu te \u017eele da im se ura\u010duna u tuzemnu poreznu obvezu;<\/li>\n<li>koji \u017eele isplatu povrata vi\u0161e pla\u0107enog poreza na ra\u010dun; i<\/li>\n<li>nasljednici koji podnose godi\u0161nj\u200bu poreznu prijavu u ime umrle osobe.<\/li>\n<\/ul>\n<p>Svi\u00a0porezni\u00a0obveznici\u00a0koji imaju obvezu podno\u0161enja godi\u0161nje porezne prijave (<a href=\"https:\/\/www.porezna-uprava.hr\/HR_obrasci\/Documents\/POREZ%20NA%20DOHODAK\/DOH.pdf\">Obrazac DOH\u200b<\/a>)\u00a0 za 2022. ili koji \u017eele podnijeti zahtjev za priznavanje prava u posebnom postupku\u00a0<a href=\"https:\/\/www.porezna-uprava.hr\/HR_obrasci\/Documents\/POREZ%20NA%20DOHODAK\/ZPP-DOH.pdf\">(Obrazac\u00a0 ZPP-DOH)<\/a>\u00a0iste mogu podnijeti putem<\/p>\n<p>&#8211; sustava\u00a0<a href=\"https:\/\/e-porezna.porezna-uprava.hr\/Prijava.aspx\">ePorezna\u200b<\/a>,<\/p>\n<p>&#8211; mobilne aplikacije\u00a0<a href=\"https:\/\/www.porezna-uprava.hr\/Stranice\/Vijest.aspx?NewsID=3324&amp;List=Vijesti\">mPorezna<\/a>,<\/p>\n<p>&#8211; odnosno nadle\u017enoj ispostavi Porezne uprave prema prebivali\u0161tu odnosno uobi\u010dajenom boravi\u0161tu<\/p>\n<p>najkasnije do 28. velja\u010de\u00a02023. (utorak)\u00a0-\u200b\u00a019 h.\u200b<\/p>\n<h2><strong>Rok za podno\u0161enje godi\u0161nje prijave poreza na dohodak<\/strong><\/h2>\n<p>Svi porezni obveznici koji imaju obvezu podno\u0161enja godi\u0161nje prijave poreza na dohodak za 2022. godinu ili koji \u017eele podnijeti zahtjev za priznavanje prava u posebnom postupku mogu to u\u010diniti najkasnije <strong>do 28. velja\u010de 2023. godine.<\/strong><\/p>\n","protected":false},"excerpt":{"rendered":"<p>Porezna uprava RH od po\u010detka ove godine po\u010dela je sa zaprimanjem prijava obrazaca za godi\u0161nji obra\u010dun poreza na dohodak za 2022. godinu.<\/p>\n","protected":false},"author":6,"featured_media":7078,"comment_status":"closed","ping_status":"closed","sticky":false,"template":"","format":"standard","meta":{"_eb_attr":"","footnotes":""},"categories":[1],"tags":[],"yoast_head":"<!-- This site is optimized with the Yoast SEO plugin v23.0 - https:\/\/yoast.com\/wordpress\/plugins\/seo\/ -->\n<title>Godi\u0161nji obra\u010dun poreza na dohodak - Confida<\/title>\n<meta name=\"description\" content=\"Porezna uprava RH od po\u010detka ove godine po\u010dela je sa zaprimanjem prijava obrazaca za godi\u0161nji obra\u010dun poreza na dohodak za 2022. godinu.\" \/>\n<meta name=\"robots\" content=\"index, follow, max-snippet:-1, max-image-preview:large, max-video-preview:-1\" \/>\n<link rel=\"canonical\" href=\"https:\/\/www.confida.hr\/hr\/blog\/uncategorized-hr\/godisnji-obracun-poreza-na-dohodak\/\" \/>\n<meta property=\"og:locale\" content=\"hr_HR\" \/>\n<meta property=\"og:type\" content=\"article\" \/>\n<meta property=\"og:title\" content=\"Godi\u0161nji obra\u010dun poreza na dohodak - Confida\" \/>\n<meta property=\"og:description\" content=\"Porezna uprava RH od po\u010detka ove godine po\u010dela je sa zaprimanjem prijava obrazaca za godi\u0161nji obra\u010dun poreza na dohodak za 2022. godinu.\" \/>\n<meta property=\"og:url\" content=\"https:\/\/www.confida.hr\/hr\/blog\/uncategorized-hr\/godisnji-obracun-poreza-na-dohodak\/\" \/>\n<meta property=\"og:site_name\" content=\"Confida\" \/>\n<meta property=\"article:published_time\" content=\"2023-02-06T16:18:20+00:00\" \/>\n<meta property=\"og:image\" content=\"https:\/\/www.confida.hr\/wp-content\/uploads\/2023\/02\/go-obracun-pnd-1.png\" \/>\n\t<meta property=\"og:image:width\" content=\"1920\" \/>\n\t<meta property=\"og:image:height\" content=\"1080\" \/>\n\t<meta property=\"og:image:type\" content=\"image\/png\" \/>\n<meta name=\"author\" content=\"CONFIDA\" \/>\n<meta name=\"twitter:card\" content=\"summary_large_image\" \/>\n<meta name=\"twitter:label1\" content=\"Napisao\/la\" \/>\n\t<meta name=\"twitter:data1\" content=\"CONFIDA\" \/>\n\t<meta name=\"twitter:label2\" content=\"Procijenjeno vrijeme \u010ditanja\" \/>\n\t<meta name=\"twitter:data2\" content=\"2 minute\" \/>\n<script type=\"application\/ld+json\" class=\"yoast-schema-graph\">{\"@context\":\"https:\/\/schema.org\",\"@graph\":[{\"@type\":\"WebPage\",\"@id\":\"https:\/\/www.confida.hr\/hr\/blog\/uncategorized-hr\/godisnji-obracun-poreza-na-dohodak\/\",\"url\":\"https:\/\/www.confida.hr\/hr\/blog\/uncategorized-hr\/godisnji-obracun-poreza-na-dohodak\/\",\"name\":\"Godi\u0161nji obra\u010dun poreza na dohodak - Confida\",\"isPartOf\":{\"@id\":\"https:\/\/www.confida.hr\/hr\/#website\"},\"primaryImageOfPage\":{\"@id\":\"https:\/\/www.confida.hr\/hr\/blog\/uncategorized-hr\/godisnji-obracun-poreza-na-dohodak\/#primaryimage\"},\"image\":{\"@id\":\"https:\/\/www.confida.hr\/hr\/blog\/uncategorized-hr\/godisnji-obracun-poreza-na-dohodak\/#primaryimage\"},\"thumbnailUrl\":\"https:\/\/www.confida.hr\/wp-content\/uploads\/2023\/02\/go-obracun-pnd-1.png\",\"datePublished\":\"2023-02-06T16:18:20+00:00\",\"dateModified\":\"2023-02-06T16:18:20+00:00\",\"author\":{\"@id\":\"https:\/\/www.confida.hr\/hr\/#\/schema\/person\/139120e2b8e5c3436306ec2ac71ab264\"},\"description\":\"Porezna uprava RH od po\u010detka ove godine po\u010dela je sa zaprimanjem prijava obrazaca za godi\u0161nji obra\u010dun poreza na dohodak za 2022. godinu.\",\"breadcrumb\":{\"@id\":\"https:\/\/www.confida.hr\/hr\/blog\/uncategorized-hr\/godisnji-obracun-poreza-na-dohodak\/#breadcrumb\"},\"inLanguage\":\"hr\",\"potentialAction\":[{\"@type\":\"ReadAction\",\"target\":[\"https:\/\/www.confida.hr\/hr\/blog\/uncategorized-hr\/godisnji-obracun-poreza-na-dohodak\/\"]}]},{\"@type\":\"ImageObject\",\"inLanguage\":\"hr\",\"@id\":\"https:\/\/www.confida.hr\/hr\/blog\/uncategorized-hr\/godisnji-obracun-poreza-na-dohodak\/#primaryimage\",\"url\":\"https:\/\/www.confida.hr\/wp-content\/uploads\/2023\/02\/go-obracun-pnd-1.png\",\"contentUrl\":\"https:\/\/www.confida.hr\/wp-content\/uploads\/2023\/02\/go-obracun-pnd-1.png\",\"width\":1920,\"height\":1080},{\"@type\":\"BreadcrumbList\",\"@id\":\"https:\/\/www.confida.hr\/hr\/blog\/uncategorized-hr\/godisnji-obracun-poreza-na-dohodak\/#breadcrumb\",\"itemListElement\":[{\"@type\":\"ListItem\",\"position\":1,\"name\":\"Home\",\"item\":\"https:\/\/www.confida.hr\/hr\/\"},{\"@type\":\"ListItem\",\"position\":2,\"name\":\"Godi\u0161nji obra\u010dun poreza na dohodak\"}]},{\"@type\":\"WebSite\",\"@id\":\"https:\/\/www.confida.hr\/hr\/#website\",\"url\":\"https:\/\/www.confida.hr\/hr\/\",\"name\":\"Confida\",\"description\":\" Tax advice that pays off.\",\"potentialAction\":[{\"@type\":\"SearchAction\",\"target\":{\"@type\":\"EntryPoint\",\"urlTemplate\":\"https:\/\/www.confida.hr\/hr\/?s={search_term_string}\"},\"query-input\":\"required name=search_term_string\"}],\"inLanguage\":\"hr\"},{\"@type\":\"Person\",\"@id\":\"https:\/\/www.confida.hr\/hr\/#\/schema\/person\/139120e2b8e5c3436306ec2ac71ab264\",\"name\":\"CONFIDA\",\"image\":{\"@type\":\"ImageObject\",\"inLanguage\":\"hr\",\"@id\":\"https:\/\/www.confida.hr\/hr\/#\/schema\/person\/image\/\",\"url\":\"https:\/\/secure.gravatar.com\/avatar\/94b8e1475633c9aa3c4372c96ec0738c?s=96&d=mm&r=g\",\"contentUrl\":\"https:\/\/secure.gravatar.com\/avatar\/94b8e1475633c9aa3c4372c96ec0738c?s=96&d=mm&r=g\",\"caption\":\"CONFIDA\"},\"url\":\"https:\/\/www.confida.hr\/hr\/blog\/author\/confida-hr\/\"}]}<\/script>\n<!-- \/ Yoast SEO plugin. -->","yoast_head_json":{"title":"Godi\u0161nji obra\u010dun poreza na dohodak - Confida","description":"Porezna uprava RH od po\u010detka ove godine po\u010dela je sa zaprimanjem prijava obrazaca za godi\u0161nji obra\u010dun poreza na dohodak za 2022. godinu.","robots":{"index":"index","follow":"follow","max-snippet":"max-snippet:-1","max-image-preview":"max-image-preview:large","max-video-preview":"max-video-preview:-1"},"canonical":"https:\/\/www.confida.hr\/hr\/blog\/uncategorized-hr\/godisnji-obracun-poreza-na-dohodak\/","og_locale":"hr_HR","og_type":"article","og_title":"Godi\u0161nji obra\u010dun poreza na dohodak - Confida","og_description":"Porezna uprava RH od po\u010detka ove godine po\u010dela je sa zaprimanjem prijava obrazaca za godi\u0161nji obra\u010dun poreza na dohodak za 2022. godinu.","og_url":"https:\/\/www.confida.hr\/hr\/blog\/uncategorized-hr\/godisnji-obracun-poreza-na-dohodak\/","og_site_name":"Confida","article_published_time":"2023-02-06T16:18:20+00:00","og_image":[{"width":1920,"height":1080,"url":"https:\/\/www.confida.hr\/wp-content\/uploads\/2023\/02\/go-obracun-pnd-1.png","type":"image\/png"}],"author":"CONFIDA","twitter_card":"summary_large_image","twitter_misc":{"Napisao\/la":"CONFIDA","Procijenjeno vrijeme \u010ditanja":"2 minute"},"schema":{"@context":"https:\/\/schema.org","@graph":[{"@type":"WebPage","@id":"https:\/\/www.confida.hr\/hr\/blog\/uncategorized-hr\/godisnji-obracun-poreza-na-dohodak\/","url":"https:\/\/www.confida.hr\/hr\/blog\/uncategorized-hr\/godisnji-obracun-poreza-na-dohodak\/","name":"Godi\u0161nji obra\u010dun poreza na dohodak - Confida","isPartOf":{"@id":"https:\/\/www.confida.hr\/hr\/#website"},"primaryImageOfPage":{"@id":"https:\/\/www.confida.hr\/hr\/blog\/uncategorized-hr\/godisnji-obracun-poreza-na-dohodak\/#primaryimage"},"image":{"@id":"https:\/\/www.confida.hr\/hr\/blog\/uncategorized-hr\/godisnji-obracun-poreza-na-dohodak\/#primaryimage"},"thumbnailUrl":"https:\/\/www.confida.hr\/wp-content\/uploads\/2023\/02\/go-obracun-pnd-1.png","datePublished":"2023-02-06T16:18:20+00:00","dateModified":"2023-02-06T16:18:20+00:00","author":{"@id":"https:\/\/www.confida.hr\/hr\/#\/schema\/person\/139120e2b8e5c3436306ec2ac71ab264"},"description":"Porezna uprava RH od po\u010detka ove godine po\u010dela je sa zaprimanjem prijava obrazaca za godi\u0161nji obra\u010dun poreza na dohodak za 2022. godinu.","breadcrumb":{"@id":"https:\/\/www.confida.hr\/hr\/blog\/uncategorized-hr\/godisnji-obracun-poreza-na-dohodak\/#breadcrumb"},"inLanguage":"hr","potentialAction":[{"@type":"ReadAction","target":["https:\/\/www.confida.hr\/hr\/blog\/uncategorized-hr\/godisnji-obracun-poreza-na-dohodak\/"]}]},{"@type":"ImageObject","inLanguage":"hr","@id":"https:\/\/www.confida.hr\/hr\/blog\/uncategorized-hr\/godisnji-obracun-poreza-na-dohodak\/#primaryimage","url":"https:\/\/www.confida.hr\/wp-content\/uploads\/2023\/02\/go-obracun-pnd-1.png","contentUrl":"https:\/\/www.confida.hr\/wp-content\/uploads\/2023\/02\/go-obracun-pnd-1.png","width":1920,"height":1080},{"@type":"BreadcrumbList","@id":"https:\/\/www.confida.hr\/hr\/blog\/uncategorized-hr\/godisnji-obracun-poreza-na-dohodak\/#breadcrumb","itemListElement":[{"@type":"ListItem","position":1,"name":"Home","item":"https:\/\/www.confida.hr\/hr\/"},{"@type":"ListItem","position":2,"name":"Godi\u0161nji obra\u010dun poreza na dohodak"}]},{"@type":"WebSite","@id":"https:\/\/www.confida.hr\/hr\/#website","url":"https:\/\/www.confida.hr\/hr\/","name":"Confida","description":" Tax advice that pays off.","potentialAction":[{"@type":"SearchAction","target":{"@type":"EntryPoint","urlTemplate":"https:\/\/www.confida.hr\/hr\/?s={search_term_string}"},"query-input":"required name=search_term_string"}],"inLanguage":"hr"},{"@type":"Person","@id":"https:\/\/www.confida.hr\/hr\/#\/schema\/person\/139120e2b8e5c3436306ec2ac71ab264","name":"CONFIDA","image":{"@type":"ImageObject","inLanguage":"hr","@id":"https:\/\/www.confida.hr\/hr\/#\/schema\/person\/image\/","url":"https:\/\/secure.gravatar.com\/avatar\/94b8e1475633c9aa3c4372c96ec0738c?s=96&d=mm&r=g","contentUrl":"https:\/\/secure.gravatar.com\/avatar\/94b8e1475633c9aa3c4372c96ec0738c?s=96&d=mm&r=g","caption":"CONFIDA"},"url":"https:\/\/www.confida.hr\/hr\/blog\/author\/confida-hr\/"}]}},"_links":{"self":[{"href":"https:\/\/www.confida.hr\/hr\/wp-json\/wp\/v2\/posts\/6831"}],"collection":[{"href":"https:\/\/www.confida.hr\/hr\/wp-json\/wp\/v2\/posts"}],"about":[{"href":"https:\/\/www.confida.hr\/hr\/wp-json\/wp\/v2\/types\/post"}],"author":[{"embeddable":true,"href":"https:\/\/www.confida.hr\/hr\/wp-json\/wp\/v2\/users\/6"}],"replies":[{"embeddable":true,"href":"https:\/\/www.confida.hr\/hr\/wp-json\/wp\/v2\/comments?post=6831"}],"version-history":[{"count":0,"href":"https:\/\/www.confida.hr\/hr\/wp-json\/wp\/v2\/posts\/6831\/revisions"}],"wp:featuredmedia":[{"embeddable":true,"href":"https:\/\/www.confida.hr\/hr\/wp-json\/wp\/v2\/media\/7078"}],"wp:attachment":[{"href":"https:\/\/www.confida.hr\/hr\/wp-json\/wp\/v2\/media?parent=6831"}],"wp:term":[{"taxonomy":"category","embeddable":true,"href":"https:\/\/www.confida.hr\/hr\/wp-json\/wp\/v2\/categories?post=6831"},{"taxonomy":"post_tag","embeddable":true,"href":"https:\/\/www.confida.hr\/hr\/wp-json\/wp\/v2\/tags?post=6831"}],"curies":[{"name":"wp","href":"https:\/\/api.w.org\/{rel}","templated":true}]}}